{"id":2106,"date":"2023-11-17T10:46:33","date_gmt":"2023-11-17T08:46:33","guid":{"rendered":"https:\/\/www.st-paul.com\/blog\/speciale-editie-eda-jaarvergadering-2023"},"modified":"2024-02-13T11:14:25","modified_gmt":"2024-02-13T11:14:25","slug":"sonderausgabe-eda-jahrestagung-2023","status":"publish","type":"post","link":"https:\/\/www.st-paul.com\/de\/blog\/sonderausgabe-eda-jahrestagung-2023","title":{"rendered":"Sonderausgabe &#8211; EDA-Jahrestagung 2023"},"content":{"rendered":"<p><strong>Die Zukunft ist die Molkerei<\/strong><\/p>\n<p>Unser EDA-Jahreskongress versammelte letzte Woche \u00fcber 150 F\u00fchrungskr\u00e4fte und Experten aus der Milchwirtschaft in Br\u00fcssel. Gemeinsam mit dem belgischen Molkereiverband BCZ-CBL und ASSIFONTE trafen wir uns in Br\u00fcssel, im Herzen Europas, zu einer engagierten Diskussion und gemeinsamen Arbeit an der Gestaltung der Zukunft unserer europ\u00e4ischen Laktosph\u00e4re. Unter dem Motto &#8222;The Future is Dairy&#8220; haben wir gezeigt, dass Europa in allen Bereichen die globale Supermacht der Milchwirtschaft ist: Milch und Milchprodukte bieten eine einzigartige Mischung aus essentiellen Makro- und Mikron\u00e4hrstoffen und spielen eine entscheidende Rolle bei der Unterst\u00fctzung einer gesunden Ern\u00e4hrung in allen Lebensphasen.<\/p>\n<p>Dar\u00fcber hinaus verk\u00f6rpern sie au\u00dfergew\u00f6hnliche kulinarische Gen\u00fcsse und tragen ein tiefes kulturelles Erbe in sich. Im l\u00e4ndlichen Raum Europas sind Milch und Milchprodukte eine tragende S\u00e4ule, die wesentlich zu unserer wirtschaftlichen St\u00e4rke innerhalb der Union und auf globaler Ebene beitr\u00e4gt. Unser Engagement f\u00fcr eine nachhaltige Produktion und Verarbeitung setzt weltweit anerkannte Ma\u00dfst\u00e4be. &#8222;Im Nachklang der aufschlussreichen Diskussionen und des Wissensaustauschs m\u00f6chten wir an dieser Stelle allen, die zum Erfolg unseres EDA-Jahreskongresses 2023 beigetragen haben, unseren tief empfundenen Dank aussprechen. Dieses Treffen von Branchenf\u00fchrern, Mitgliedern des Europ\u00e4ischen Parlaments und wissenschaftlichen Pionieren im Bereich der nachhaltigen Milchwirtschaft war eine starke Plattform, die die St\u00e4rke unserer Branche unter Beweis gestellt hat.<\/p>\n<p>Wir glauben, dass die Zukunft der Milchprodukte ist. Milchprodukte sind schmackhafte, nat\u00fcrlich n\u00e4hrstoffreiche Grundprodukte, die zu einer gesunden und nachhaltigen Ern\u00e4hrung beitragen. Sie sind nicht nur Teil unserer Geschichte und unseres kulturellen Erbes, sondern auch von gro\u00dfer Bedeutung f\u00fcr unsere Zukunft&#8220;, erkl\u00e4rte Catherine Pycke, Pr\u00e4sidentin des BCZ-CBL.<\/p>\n<p><strong>Ein Blick auf die kommende belgische EU-Ratspr\u00e4sidentschaft 2024<\/strong><\/p>\n<p>Die EDA-Jahrestagung 2023 wurde mit dem belgischen Vizepremierminister, zust\u00e4ndig f\u00fcr Landwirtschaft, David Clarinval, als Hauptredner er\u00f6ffnet. Er gab wertvolle Einblicke in die Priorit\u00e4ten der belgischen EU-Ratspr\u00e4sidentschaft 2024 und unterstrich die Bedeutung der Milchwirtschaft und der Landwirtschaft f\u00fcr Belgien und f\u00fcr Europa.<\/p>\n<p style=\"text-align: center;\"><img decoding=\"async\" class=\"alignnone wp-image-784 size-full\" src=\"https:\/\/www.st-paul.com\/wp-content\/uploads\/2023\/11\/EDA.png\" alt=\"\" width=\"320\" height=\"562\" srcset=\"https:\/\/www.st-paul.com\/wp-content\/uploads\/2023\/11\/EDA.png 320w, https:\/\/www.st-paul.com\/wp-content\/uploads\/2023\/11\/EDA-171x300.png 171w\" sizes=\"(max-width: 320px) 100vw, 320px\" \/><\/p>\n<p style=\"text-align: center;\"><em>Der Milchsektor hat bereits erhebliche Anstrengungen in Richtung Nachhaltigkeit unternommen, indem er Abf\u00e4lle minimiert und den Wasserverbrauch in der Milchproduktion reduziert hat David Clarinval Stellvertretender Premierminister von Belgien<\/em><\/p>\n<p style=\"text-align: center;\"><img decoding=\"async\" class=\"alignnone size-full wp-image-782 aligncenter\" src=\"https:\/\/www.st-paul.com\/wp-content\/uploads\/2024\/01\/EDA2.png\" alt=\"\" width=\"592\" height=\"412\" srcset=\"https:\/\/www.st-paul.com\/wp-content\/uploads\/2024\/01\/EDA2.png 592w, https:\/\/www.st-paul.com\/wp-content\/uploads\/2024\/01\/EDA2-300x209.png 300w, https:\/\/www.st-paul.com\/wp-content\/uploads\/2024\/01\/EDA2-320x223.png 320w, https:\/\/www.st-paul.com\/wp-content\/uploads\/2024\/01\/EDA2-500x348.png 500w\" sizes=\"(max-width: 592px) 100vw, 592px\" \/><em>BCZ-CBL-Pr\u00e4sidentin Catherine Pycke und ASSIFONTE-Pr\u00e4sident Dieter Kuijl<\/em><\/p>\n<p><strong>Europa &#8211; die globale Supermacht der Milchwirtschaft<\/strong><\/p>\n<p>Die Milchwirtschaft der Europ\u00e4ischen Union ist mit einem Anteil von \u00fcber 12 % an der gesamten landwirtschaftlichen Produktion der zweitgr\u00f6\u00dfte Agrarsektor in der EU. Europa deckt nicht nur seinen eigenen Bedarf an Milchprodukten, sondern ist auch ein bedeutender Exporteur von Milcherzeugnissen. Es ist unbestreitbar, dass Europa weltweit einen immensen Einfluss auf die Milchwirtschaft aus\u00fcbt. Das Thema der ersten Sitzung, &#8222;Europa &#8211; die globale Supermacht der Milchwirtschaft&#8220;, unterstrich den Zusammenhang zwischen unserem globalen Einfluss und unserer Verantwortung auf wirtschaftlicher, sozialer und \u00f6kologischer Ebene.<\/p>\n<p>An unserer Podiumsdiskussion nahmen CEOs f\u00fchrender europ\u00e4ischer Molkereien teil, die alle \u00fcber umfangreiche Erfahrungen im globalen Gesch\u00e4ft verf\u00fcgen: Peter Gi\u00f8rtz-Carlsen, COO von Arla Foods; Thierry Cl\u00e9ment, COO der Groupe Lactalis; Jan Derck van Karnebeek, CEO von FrieslandCampina; Louis Ska, CEO von Solarec; und Charles Brand, Executive Vice-President von Tetra Pak. Die Sitzung wurde von Rose O&#8217;Donovan, Redakteurin von Agra Facts &amp; Agra Focus, dem f\u00fchrenden Br\u00fcsseler Landwirtschaftsmagazin, hervorragend moderiert.<\/p>\n<p>In den kommenden Jahren wird die steigende weltweite Nachfrage nach Milchprodukten die globalen Milchm\u00e4rkte voraussichtlich st\u00fctzen. Die entscheidenden Pfeiler f\u00fcr die Zukunft unseres Sektors beruhen auf Widerstandsf\u00e4higkeit und Nachhaltigkeit. Um diese Ziele zu erreichen, m\u00fcssen wir uns Innovationen zunutze machen, um den grundlegenden Bedarf an jungen Landwirten zu decken, die Erwartungen der Verbraucher an leicht zug\u00e4ngliche und qualitativ hochwertige Milchprodukte zu erf\u00fcllen und die Umwelt- und Tiergesundheitsstandards in Europa und weltweit einzuhalten.<\/p>\n<p><strong>Die Zukunft der EU-Landwirtschaft und Milchwirtschaft 2024-2029 gestalten<\/strong><\/p>\n<p>Die zweite Sitzung war der Diskussion \u00fcber die kommende Legislaturperiode mit prominenten Mitgliedern des Europ\u00e4ischen Parlaments gewidmet. Die Sitzung wurde von Alexander Anton, Generalsekret\u00e4r der EDA, moderiert und umfasste Norbert Lins (EVP, DE), Vorsitzender des Agrarausschusses, sowie Koordinatoren der Fraktionen im Parlament: Paolo De Castro (S&amp;D, IT), Martin Hlav\u00e1\u010dek (Renew, CZ), und Bert-Jan Ruissen (ECR, NL). Sie alle pr\u00e4sentierten ihre strategischen Ideen f\u00fcr die n\u00e4chste Legislaturperiode. Die Anwesenheit dieser einflussreichen Mitglieder unterstrich die gro\u00dfe Aufmerksamkeit, die die EU-Gesetzgeber der europ\u00e4ischen Milchwirtschaft schenken.<\/p>\n<p><strong>Molkerei Nachhaltigkeit bei der Arbeit<\/strong><\/p>\n<p>In der letzten Sitzung ging es um Nachhaltigkeit. Prof. Dr. Wilhelm Windisch (TU M\u00fcnchen) und Prof. Dr. Leo den Hartog (Universit\u00e4t Wageningen) gaben wichtige Einblicke, wie die \u00f6kologische Nachhaltigkeit in der Milchwirtschaft gest\u00e4rkt werden kann. Die Sitzung wurde von Sanne Dekker, Managerin f\u00fcr \u00f6ffentliche Angelegenheiten bei FrieslandCampina, sorgf\u00e4ltig pr\u00e4sentiert und moderiert. Sie zeigte auf perfekte Weise, wie Molkereien in unserer Union mit Landwirten, Wissenschaft und Innovation zusammenarbeiten, um unsere Umweltziele zu erreichen, und hob die wichtige Rolle von Wiederk\u00e4uern in der Landwirtschaft und der Lebensmittelproduktion hervor.<\/p>\n","protected":false},"excerpt":{"rendered":"<p>Die Zukunft ist die Molkerei Unser EDA-Jahreskongress versammelte letzte Woche \u00fcber 150 F\u00fchrungskr\u00e4fte und Experten aus der Milchwirtschaft in Br\u00fcssel. Gemeinsam mit dem belgischen Molkereiverband BCZ-CBL und ASSIFONTE trafen wir uns in Br\u00fcssel, im Herzen Europas, zu einer engagierten Diskussion und gemeinsamen Arbeit an der Gestaltung der Zukunft unserer europ\u00e4ischen Laktosph\u00e4re. Unter dem Motto &#8222;The [&hellip;]<\/p>\n","protected":false},"author":2,"featured_media":1501,"comment_status":"open","ping_status":"open","sticky":false,"template":"","format":"standard","meta":{"_acf_changed":false,"footnotes":""},"categories":[11],"tags":[],"class_list":["post-2106","post","type-post","status-publish","format-standard","has-post-thumbnail","hentry","category-unkategorisiert"],"acf":[],"yoast_head":"<!-- This site is optimized with the Yoast SEO plugin v27.4 - https:\/\/yoast.com\/product\/yoast-seo-wordpress\/ -->\n<title>Sonderausgabe - EDA-Jahrestagung 2023 - St. Paul<\/title>\n<meta name=\"robots\" content=\"index, follow, max-snippet:-1, max-image-preview:large, max-video-preview:-1\" \/>\n<link rel=\"canonical\" href=\"https:\/\/www.st-paul.com\/de\/blog\/sonderausgabe-eda-jahrestagung-2023\" \/>\n<meta property=\"og:locale\" content=\"de_DE\" \/>\n<meta property=\"og:type\" content=\"article\" \/>\n<meta property=\"og:title\" content=\"Sonderausgabe - EDA-Jahrestagung 2023 - St. Paul\" \/>\n<meta property=\"og:description\" content=\"Die Zukunft ist die Molkerei Unser EDA-Jahreskongress versammelte letzte Woche \u00fcber 150 F\u00fchrungskr\u00e4fte und Experten aus der Milchwirtschaft in Br\u00fcssel. Gemeinsam mit dem belgischen Molkereiverband BCZ-CBL und ASSIFONTE trafen wir uns in Br\u00fcssel, im Herzen Europas, zu einer engagierten Diskussion und gemeinsamen Arbeit an der Gestaltung der Zukunft unserer europ\u00e4ischen Laktosph\u00e4re. Unter dem Motto &#8222;The [&hellip;]\" \/>\n<meta property=\"og:url\" content=\"https:\/\/www.st-paul.com\/de\/blog\/sonderausgabe-eda-jahrestagung-2023\" \/>\n<meta property=\"og:site_name\" content=\"St. Paul\" \/>\n<meta property=\"article:published_time\" content=\"2023-11-17T08:46:33+00:00\" \/>\n<meta property=\"article:modified_time\" content=\"2024-02-13T11:14:25+00:00\" \/>\n<meta property=\"og:image\" content=\"https:\/\/www.st-paul.com\/wp-content\/uploads\/2023\/11\/the-future-is-dairy.jpg\" \/>\n\t<meta property=\"og:image:width\" content=\"1080\" \/>\n\t<meta property=\"og:image:height\" content=\"700\" \/>\n\t<meta property=\"og:image:type\" content=\"image\/jpeg\" \/>\n<meta name=\"author\" content=\"Esm\u00e9e Coers\" \/>\n<meta name=\"twitter:card\" content=\"summary_large_image\" \/>\n<meta name=\"twitter:label1\" content=\"Verfasst von\" \/>\n\t<meta name=\"twitter:data1\" content=\"Esm\u00e9e Coers\" \/>\n\t<meta name=\"twitter:label2\" content=\"Gesch\u00e4tzte Lesezeit\" \/>\n\t<meta name=\"twitter:data2\" content=\"4\u00a0Minuten\" \/>\n<script type=\"application\/ld+json\" class=\"yoast-schema-graph\">{\"@context\":\"https:\\\/\\\/schema.org\",\"@graph\":[{\"@type\":\"Article\",\"@id\":\"https:\\\/\\\/www.st-paul.com\\\/de\\\/blog\\\/sonderausgabe-eda-jahrestagung-2023#article\",\"isPartOf\":{\"@id\":\"https:\\\/\\\/www.st-paul.com\\\/de\\\/blog\\\/sonderausgabe-eda-jahrestagung-2023\"},\"author\":{\"name\":\"Esm\u00e9e Coers\",\"@id\":\"https:\\\/\\\/www.st-paul.com\\\/de#\\\/schema\\\/person\\\/ff0da3e225b07ea1fef5c53baeab6434\"},\"headline\":\"Sonderausgabe &#8211; EDA-Jahrestagung 2023\",\"datePublished\":\"2023-11-17T08:46:33+00:00\",\"dateModified\":\"2024-02-13T11:14:25+00:00\",\"mainEntityOfPage\":{\"@id\":\"https:\\\/\\\/www.st-paul.com\\\/de\\\/blog\\\/sonderausgabe-eda-jahrestagung-2023\"},\"wordCount\":823,\"commentCount\":0,\"image\":{\"@id\":\"https:\\\/\\\/www.st-paul.com\\\/de\\\/blog\\\/sonderausgabe-eda-jahrestagung-2023#primaryimage\"},\"thumbnailUrl\":\"https:\\\/\\\/www.st-paul.com\\\/wp-content\\\/uploads\\\/2023\\\/11\\\/the-future-is-dairy.jpg\",\"articleSection\":[\"Unkategorisiert\"],\"inLanguage\":\"de\",\"potentialAction\":[{\"@type\":\"CommentAction\",\"name\":\"Comment\",\"target\":[\"https:\\\/\\\/www.st-paul.com\\\/de\\\/blog\\\/sonderausgabe-eda-jahrestagung-2023#respond\"]}]},{\"@type\":\"WebPage\",\"@id\":\"https:\\\/\\\/www.st-paul.com\\\/de\\\/blog\\\/sonderausgabe-eda-jahrestagung-2023\",\"url\":\"https:\\\/\\\/www.st-paul.com\\\/de\\\/blog\\\/sonderausgabe-eda-jahrestagung-2023\",\"name\":\"Sonderausgabe - EDA-Jahrestagung 2023 - St. Paul\",\"isPartOf\":{\"@id\":\"https:\\\/\\\/www.st-paul.com\\\/de#website\"},\"primaryImageOfPage\":{\"@id\":\"https:\\\/\\\/www.st-paul.com\\\/de\\\/blog\\\/sonderausgabe-eda-jahrestagung-2023#primaryimage\"},\"image\":{\"@id\":\"https:\\\/\\\/www.st-paul.com\\\/de\\\/blog\\\/sonderausgabe-eda-jahrestagung-2023#primaryimage\"},\"thumbnailUrl\":\"https:\\\/\\\/www.st-paul.com\\\/wp-content\\\/uploads\\\/2023\\\/11\\\/the-future-is-dairy.jpg\",\"datePublished\":\"2023-11-17T08:46:33+00:00\",\"dateModified\":\"2024-02-13T11:14:25+00:00\",\"author\":{\"@id\":\"https:\\\/\\\/www.st-paul.com\\\/de#\\\/schema\\\/person\\\/ff0da3e225b07ea1fef5c53baeab6434\"},\"breadcrumb\":{\"@id\":\"https:\\\/\\\/www.st-paul.com\\\/de\\\/blog\\\/sonderausgabe-eda-jahrestagung-2023#breadcrumb\"},\"inLanguage\":\"de\",\"potentialAction\":[{\"@type\":\"ReadAction\",\"target\":[\"https:\\\/\\\/www.st-paul.com\\\/de\\\/blog\\\/sonderausgabe-eda-jahrestagung-2023\"]}]},{\"@type\":\"ImageObject\",\"inLanguage\":\"de\",\"@id\":\"https:\\\/\\\/www.st-paul.com\\\/de\\\/blog\\\/sonderausgabe-eda-jahrestagung-2023#primaryimage\",\"url\":\"https:\\\/\\\/www.st-paul.com\\\/wp-content\\\/uploads\\\/2023\\\/11\\\/the-future-is-dairy.jpg\",\"contentUrl\":\"https:\\\/\\\/www.st-paul.com\\\/wp-content\\\/uploads\\\/2023\\\/11\\\/the-future-is-dairy.jpg\",\"width\":1080,\"height\":700},{\"@type\":\"BreadcrumbList\",\"@id\":\"https:\\\/\\\/www.st-paul.com\\\/de\\\/blog\\\/sonderausgabe-eda-jahrestagung-2023#breadcrumb\",\"itemListElement\":[{\"@type\":\"ListItem\",\"position\":1,\"name\":\"Home\",\"item\":\"https:\\\/\\\/www.st-paul.com\\\/de\"},{\"@type\":\"ListItem\",\"position\":2,\"name\":\"Sonderausgabe &#8211; EDA-Jahrestagung 2023\"}]},{\"@type\":\"WebSite\",\"@id\":\"https:\\\/\\\/www.st-paul.com\\\/de#website\",\"url\":\"https:\\\/\\\/www.st-paul.com\\\/de\",\"name\":\"St. Paul\",\"description\":\"\",\"potentialAction\":[{\"@type\":\"SearchAction\",\"target\":{\"@type\":\"EntryPoint\",\"urlTemplate\":\"https:\\\/\\\/www.st-paul.com\\\/de?s={search_term_string}\"},\"query-input\":{\"@type\":\"PropertyValueSpecification\",\"valueRequired\":true,\"valueName\":\"search_term_string\"}}],\"inLanguage\":\"de\"},{\"@type\":\"Person\",\"@id\":\"https:\\\/\\\/www.st-paul.com\\\/de#\\\/schema\\\/person\\\/ff0da3e225b07ea1fef5c53baeab6434\",\"name\":\"Esm\u00e9e Coers\",\"image\":\"https:\\\/\\\/www.st-paul.com\\\/wp-content\\\/uploads\\\/2024\\\/01\\\/esmee-coers.jpeg\",\"sameAs\":[\"https:\\\/\\\/www.st-paul.com\\\/\"],\"description\":null,\"jobTitle\":\"Food Marketeer\",\"affiliation\":{\"@type\":\"Organization\",\"name\":\"St. Paul\",\"url\":\"https:\\\/\\\/www.st-paul.com\\\/\"}}]}<\/script>\n<!-- \/ Yoast SEO plugin. -->","yoast_head_json":{"title":"Sonderausgabe - EDA-Jahrestagung 2023 - St. Paul","robots":{"index":"index","follow":"follow","max-snippet":"max-snippet:-1","max-image-preview":"max-image-preview:large","max-video-preview":"max-video-preview:-1"},"canonical":"https:\/\/www.st-paul.com\/de\/blog\/sonderausgabe-eda-jahrestagung-2023","og_locale":"de_DE","og_type":"article","og_title":"Sonderausgabe - EDA-Jahrestagung 2023 - St. Paul","og_description":"Die Zukunft ist die Molkerei Unser EDA-Jahreskongress versammelte letzte Woche \u00fcber 150 F\u00fchrungskr\u00e4fte und Experten aus der Milchwirtschaft in Br\u00fcssel. Gemeinsam mit dem belgischen Molkereiverband BCZ-CBL und ASSIFONTE trafen wir uns in Br\u00fcssel, im Herzen Europas, zu einer engagierten Diskussion und gemeinsamen Arbeit an der Gestaltung der Zukunft unserer europ\u00e4ischen Laktosph\u00e4re. Unter dem Motto &#8222;The [&hellip;]","og_url":"https:\/\/www.st-paul.com\/de\/blog\/sonderausgabe-eda-jahrestagung-2023","og_site_name":"St. Paul","article_published_time":"2023-11-17T08:46:33+00:00","article_modified_time":"2024-02-13T11:14:25+00:00","og_image":[{"width":1080,"height":700,"url":"https:\/\/www.st-paul.com\/wp-content\/uploads\/2023\/11\/the-future-is-dairy.jpg","type":"image\/jpeg"}],"author":"Esm\u00e9e Coers","twitter_card":"summary_large_image","twitter_misc":{"Verfasst von":"Esm\u00e9e Coers","Gesch\u00e4tzte Lesezeit":"4\u00a0Minuten"},"schema":{"@context":"https:\/\/schema.org","@graph":[{"@type":"Article","@id":"https:\/\/www.st-paul.com\/de\/blog\/sonderausgabe-eda-jahrestagung-2023#article","isPartOf":{"@id":"https:\/\/www.st-paul.com\/de\/blog\/sonderausgabe-eda-jahrestagung-2023"},"author":{"name":"Esm\u00e9e Coers","@id":"https:\/\/www.st-paul.com\/de#\/schema\/person\/ff0da3e225b07ea1fef5c53baeab6434"},"headline":"Sonderausgabe &#8211; EDA-Jahrestagung 2023","datePublished":"2023-11-17T08:46:33+00:00","dateModified":"2024-02-13T11:14:25+00:00","mainEntityOfPage":{"@id":"https:\/\/www.st-paul.com\/de\/blog\/sonderausgabe-eda-jahrestagung-2023"},"wordCount":823,"commentCount":0,"image":{"@id":"https:\/\/www.st-paul.com\/de\/blog\/sonderausgabe-eda-jahrestagung-2023#primaryimage"},"thumbnailUrl":"https:\/\/www.st-paul.com\/wp-content\/uploads\/2023\/11\/the-future-is-dairy.jpg","articleSection":["Unkategorisiert"],"inLanguage":"de","potentialAction":[{"@type":"CommentAction","name":"Comment","target":["https:\/\/www.st-paul.com\/de\/blog\/sonderausgabe-eda-jahrestagung-2023#respond"]}]},{"@type":"WebPage","@id":"https:\/\/www.st-paul.com\/de\/blog\/sonderausgabe-eda-jahrestagung-2023","url":"https:\/\/www.st-paul.com\/de\/blog\/sonderausgabe-eda-jahrestagung-2023","name":"Sonderausgabe - EDA-Jahrestagung 2023 - St. Paul","isPartOf":{"@id":"https:\/\/www.st-paul.com\/de#website"},"primaryImageOfPage":{"@id":"https:\/\/www.st-paul.com\/de\/blog\/sonderausgabe-eda-jahrestagung-2023#primaryimage"},"image":{"@id":"https:\/\/www.st-paul.com\/de\/blog\/sonderausgabe-eda-jahrestagung-2023#primaryimage"},"thumbnailUrl":"https:\/\/www.st-paul.com\/wp-content\/uploads\/2023\/11\/the-future-is-dairy.jpg","datePublished":"2023-11-17T08:46:33+00:00","dateModified":"2024-02-13T11:14:25+00:00","author":{"@id":"https:\/\/www.st-paul.com\/de#\/schema\/person\/ff0da3e225b07ea1fef5c53baeab6434"},"breadcrumb":{"@id":"https:\/\/www.st-paul.com\/de\/blog\/sonderausgabe-eda-jahrestagung-2023#breadcrumb"},"inLanguage":"de","potentialAction":[{"@type":"ReadAction","target":["https:\/\/www.st-paul.com\/de\/blog\/sonderausgabe-eda-jahrestagung-2023"]}]},{"@type":"ImageObject","inLanguage":"de","@id":"https:\/\/www.st-paul.com\/de\/blog\/sonderausgabe-eda-jahrestagung-2023#primaryimage","url":"https:\/\/www.st-paul.com\/wp-content\/uploads\/2023\/11\/the-future-is-dairy.jpg","contentUrl":"https:\/\/www.st-paul.com\/wp-content\/uploads\/2023\/11\/the-future-is-dairy.jpg","width":1080,"height":700},{"@type":"BreadcrumbList","@id":"https:\/\/www.st-paul.com\/de\/blog\/sonderausgabe-eda-jahrestagung-2023#breadcrumb","itemListElement":[{"@type":"ListItem","position":1,"name":"Home","item":"https:\/\/www.st-paul.com\/de"},{"@type":"ListItem","position":2,"name":"Sonderausgabe &#8211; EDA-Jahrestagung 2023"}]},{"@type":"WebSite","@id":"https:\/\/www.st-paul.com\/de#website","url":"https:\/\/www.st-paul.com\/de","name":"St. Paul","description":"","potentialAction":[{"@type":"SearchAction","target":{"@type":"EntryPoint","urlTemplate":"https:\/\/www.st-paul.com\/de?s={search_term_string}"},"query-input":{"@type":"PropertyValueSpecification","valueRequired":true,"valueName":"search_term_string"}}],"inLanguage":"de"},{"@type":"Person","@id":"https:\/\/www.st-paul.com\/de#\/schema\/person\/ff0da3e225b07ea1fef5c53baeab6434","name":"Esm\u00e9e Coers","image":"https:\/\/www.st-paul.com\/wp-content\/uploads\/2024\/01\/esmee-coers.jpeg","sameAs":["https:\/\/www.st-paul.com\/"],"description":null,"jobTitle":"Food Marketeer","affiliation":{"@type":"Organization","name":"St. Paul","url":"https:\/\/www.st-paul.com\/"}}]}},"_links":{"self":[{"href":"https:\/\/www.st-paul.com\/de\/wp-json\/wp\/v2\/posts\/2106","targetHints":{"allow":["GET"]}}],"collection":[{"href":"https:\/\/www.st-paul.com\/de\/wp-json\/wp\/v2\/posts"}],"about":[{"href":"https:\/\/www.st-paul.com\/de\/wp-json\/wp\/v2\/types\/post"}],"author":[{"embeddable":true,"href":"https:\/\/www.st-paul.com\/de\/wp-json\/wp\/v2\/users\/2"}],"replies":[{"embeddable":true,"href":"https:\/\/www.st-paul.com\/de\/wp-json\/wp\/v2\/comments?post=2106"}],"version-history":[{"count":1,"href":"https:\/\/www.st-paul.com\/de\/wp-json\/wp\/v2\/posts\/2106\/revisions"}],"predecessor-version":[{"id":2110,"href":"https:\/\/www.st-paul.com\/de\/wp-json\/wp\/v2\/posts\/2106\/revisions\/2110"}],"wp:featuredmedia":[{"embeddable":true,"href":"https:\/\/www.st-paul.com\/de\/wp-json\/wp\/v2\/media\/1501"}],"wp:attachment":[{"href":"https:\/\/www.st-paul.com\/de\/wp-json\/wp\/v2\/media?parent=2106"}],"wp:term":[{"taxonomy":"category","embeddable":true,"href":"https:\/\/www.st-paul.com\/de\/wp-json\/wp\/v2\/categories?post=2106"},{"taxonomy":"post_tag","embeddable":true,"href":"https:\/\/www.st-paul.com\/de\/wp-json\/wp\/v2\/tags?post=2106"}],"curies":[{"name":"wp","href":"https:\/\/api.w.org\/{rel}","templated":true}]}}