{"id":1938,"date":"2022-11-10T09:35:40","date_gmt":"2022-11-10T09:35:40","guid":{"rendered":"https:\/\/www.st-paul.com\/blog\/st-paul-sial-paris-2022"},"modified":"2024-02-13T09:15:56","modified_gmt":"2024-02-13T09:15:56","slug":"st-paul-sial-paris-2022","status":"publish","type":"post","link":"https:\/\/www.st-paul.com\/fr\/blog\/st-paul-sial-paris-2022","title":{"rendered":"St. Paul @SIAL Paris 2022"},"content":{"rendered":"\r\n<p>Pendant 5 jours, le SIAL Paris a \u00e9t\u00e9 la source d&rsquo;inspiration internationale pour l&rsquo;industrie alimentaire. Et nous \u00e9tions pr\u00e9sents dans le Hall 7 Stand A 173.<\/p>\r\n<p>QUELLE SEMAINE !<\/p>\r\n<p>Ces journ\u00e9es ont \u00e9t\u00e9 fructueuses et int\u00e9ressantes !<\/p>\r\n<p>Nous avons pu discuter avec nos relations et \u00e9tablir de nombreux nouveaux contacts. Nous avons inspir\u00e9 nos clients (potentiels) avec nos solutions fromag\u00e8res fonctionnelles bien connues. L&rsquo;introduction de nos nouveaux d\u00e9veloppements fromagers a \u00e9t\u00e9 tr\u00e8s bien accueillie. Y compris la sauce au fromage :<\/p>\r\n<p>Sauce au fromage<\/p>\r\n<p>Alors qu&rsquo;elle est \u00e0 la mode aux \u00c9tats-Unis et au Royaume-Uni depuis plusieurs ann\u00e9es, la sauce au fromage commence \u00e9galement \u00e0 devenir une tendance en Europe et c&rsquo;est pourquoi nous voulons \u00eatre en avance sur le march\u00e9. On voit de plus en plus la sauce au fromage comme garniture de chips ou de nachos sur les m\u00e9dias sociaux dans les QSR, mais aussi dans les services de restauration.<\/p>\r\n<p>Les r\u00e9actions sont tr\u00e8s enthousiastes et prometteuses ! Nous remercions tous ceux qui ont visit\u00e9 notre stand !<\/p>\r\n<p>Paul @sial.paris<\/p>\r\n<p>Pour vous faire une id\u00e9e des 5 jours du SIAL, regardez notre vid\u00e9o :<\/p>\r\n<blockquote class=\"instagram-media\" style=\"background: #FFF; border: 0; border-radius: 3px; box-shadow: 0 0 1px 0 rgba(0,0,0,0.5),0 1px 10px 0 rgba(0,0,0,0.15); margin: 1px; max-width: 540px; min-width: 326px; padding: 0; width: calc(100% - 2px);\" data-instgrm-permalink=\"https:\/\/www.instagram.com\/reel\/Cj96fXmgpwU\/?utm_source=ig_embed&amp;utm_campaign=loading\" data-instgrm-version=\"14\">\r\n<div style=\"padding: 16px;\">\r\n<div style=\"display: flex; flex-direction: row; align-items: center;\">\r\n<div style=\"background-color: #f4f4f4; border-radius: 50%; flex-grow: 0; height: 40px; margin-right: 14px; width: 40px;\">\u00a0<\/div>\r\n<div style=\"display: flex; flex-direction: column; flex-grow: 1; justify-content: center;\">\r\n<div style=\"background-color: #f4f4f4; border-radius: 4px; flex-grow: 0; height: 14px; margin-bottom: 6px; width: 100px;\">\u00a0<\/div>\r\n<div style=\"background-color: #f4f4f4; border-radius: 4px; flex-grow: 0; height: 14px; width: 60px;\">\u00a0<\/div>\r\n<\/div>\r\n<\/div>\r\n<div style=\"padding: 19% 0;\">\u00a0<\/div>\r\n<div style=\"display: block; height: 50px; margin: 0 auto 12px; width: 50px;\">\u00a0<\/div>\r\n<div style=\"padding-top: 8px;\">\r\n<div style=\"color: #3897f0; font-family: Arial,sans-serif; font-size: 14px; font-style: normal; font-weight: 550; line-height: 18px;\">View this post on Instagram<\/div>\r\n<\/div>\r\n<div style=\"padding: 12.5% 0;\">\u00a0<\/div>\r\n<div style=\"display: flex; flex-direction: row; margin-bottom: 14px; align-items: center;\">\r\n<div>\r\n<div style=\"background-color: #f4f4f4; border-radius: 50%; height: 12.5px; width: 12.5px; transform: translateX(0px) translateY(7px);\">\u00a0<\/div>\r\n<div style=\"background-color: #f4f4f4; height: 12.5px; transform: rotate(-45deg) translateX(3px) translateY(1px); width: 12.5px; flex-grow: 0; margin-right: 14px; margin-left: 2px;\">\u00a0<\/div>\r\n<div style=\"background-color: #f4f4f4; border-radius: 50%; height: 12.5px; width: 12.5px; transform: translateX(9px) translateY(-18px);\">\u00a0<\/div>\r\n<\/div>\r\n<div style=\"margin-left: 8px;\">\r\n<div style=\"background-color: #f4f4f4; border-radius: 50%; flex-grow: 0; height: 20px; width: 20px;\">\u00a0<\/div>\r\n<div style=\"width: 0; height: 0; border-top: 2px solid transparent; border-left: 6px solid #f4f4f4; border-bottom: 2px solid transparent; transform: translateX(16px) translateY(-4px) rotate(30deg);\">\u00a0<\/div>\r\n<\/div>\r\n<div style=\"margin-left: auto;\">\r\n<div style=\"width: 0px; border-top: 8px solid #F4F4F4; border-right: 8px solid transparent; transform: translateY(16px);\">\u00a0<\/div>\r\n<div style=\"background-color: #f4f4f4; flex-grow: 0; height: 12px; width: 16px; transform: translateY(-4px);\">\u00a0<\/div>\r\n<div style=\"width: 0; height: 0; border-top: 8px solid #F4F4F4; border-left: 8px solid transparent; transform: translateY(-4px) translateX(8px);\">\u00a0<\/div>\r\n<\/div>\r\n<\/div>\r\n<div style=\"display: flex; flex-direction: column; flex-grow: 1; justify-content: center; margin-bottom: 24px;\">\r\n<div style=\"background-color: #f4f4f4; border-radius: 4px; flex-grow: 0; height: 14px; margin-bottom: 6px; width: 224px;\">\u00a0<\/div>\r\n<div style=\"background-color: #f4f4f4; border-radius: 4px; flex-grow: 0; height: 14px; width: 144px;\">\u00a0<\/div>\r\n<\/div>\r\n<p style=\"color: #c9c8cd; font-family: Arial,sans-serif; font-size: 14px; line-height: 17px; margin-bottom: 0; margin-top: 8px; overflow: hidden; padding: 8px 0 7px; text-align: center; text-overflow: ellipsis; white-space: nowrap;\"><a style=\"color: #c9c8cd; font-family: Arial,sans-serif; font-size: 14px; font-style: normal; font-weight: normal; line-height: 17px; text-decoration: none;\" href=\"https:\/\/www.instagram.com\/reel\/Cj96fXmgpwU\/?utm_source=ig_embed&amp;utm_campaign=loading\" target=\"_blank\" rel=\"noopener\">A post shared by St. Paul | smart cheese solutions (@stpaul_cheese)<\/a><\/p>\r\n<\/div>\r\n<\/blockquote>\r\n<p><script async src=\"\/\/www.instagram.com\/embed.js\"><\/script><\/p>\r\n<p><strong>Prendre un rendez-vous \u00e0 l&rsquo;avance<\/strong><\/p>\r\n<p>Si vous voulez \u00eatre s\u00fbr que nous aurons le temps de nous rencontrer lors de la prochaine exposition, il est judicieux de fixer un rendez-vous ou de prendre rendez-vous. Il vous suffit de nous appeler ou de nous envoyer un courriel \u00e0 l&rsquo;avance. Bien entendu, nous veillons \u00e9galement \u00e0 ce que vous receviez vos billets d&rsquo;exposition \u00e0 temps.<\/p>\r\n<p>Nous serions ravis de nous rencontrer. Nous nous verrons \u00e0 Cologne, Duba\u00ef ou Shanghai.<\/p>\r\n","protected":false},"excerpt":{"rendered":"<p>Pendant 5 jours, le SIAL Paris a \u00e9t\u00e9 la source d&rsquo;inspiration internationale pour l&rsquo;industrie alimentaire. Et nous \u00e9tions pr\u00e9sents dans le Hall 7 Stand A 173. QUELLE SEMAINE ! Ces journ\u00e9es ont \u00e9t\u00e9 fructueuses et int\u00e9ressantes ! Nous avons pu discuter avec nos relations et \u00e9tablir de nombreux nouveaux contacts. Nous avons inspir\u00e9 nos clients [&hellip;]<\/p>\n","protected":false},"author":2,"featured_media":1290,"comment_status":"open","ping_status":"open","sticky":false,"template":"","format":"standard","meta":{"_acf_changed":false,"footnotes":""},"categories":[14],"tags":[],"class_list":["post-1938","post","type-post","status-publish","format-standard","has-post-thumbnail","hentry","category-non-classifiee"],"acf":[],"yoast_head":"<!-- This site is optimized with the Yoast SEO plugin v27.4 - https:\/\/yoast.com\/product\/yoast-seo-wordpress\/ -->\n<title>St. Paul @SIAL Paris 2022 - St. Paul<\/title>\n<meta name=\"robots\" content=\"index, follow, max-snippet:-1, max-image-preview:large, max-video-preview:-1\" \/>\n<link rel=\"canonical\" href=\"https:\/\/www.st-paul.com\/fr\/blog\/st-paul-sial-paris-2022\" \/>\n<meta property=\"og:locale\" content=\"fr_FR\" \/>\n<meta property=\"og:type\" content=\"article\" \/>\n<meta property=\"og:title\" content=\"St. Paul @SIAL Paris 2022 - St. Paul\" \/>\n<meta property=\"og:description\" content=\"Pendant 5 jours, le SIAL Paris a \u00e9t\u00e9 la source d&rsquo;inspiration internationale pour l&rsquo;industrie alimentaire. Et nous \u00e9tions pr\u00e9sents dans le Hall 7 Stand A 173. QUELLE SEMAINE ! Ces journ\u00e9es ont \u00e9t\u00e9 fructueuses et int\u00e9ressantes ! Nous avons pu discuter avec nos relations et \u00e9tablir de nombreux nouveaux contacts. Nous avons inspir\u00e9 nos clients [&hellip;]\" \/>\n<meta property=\"og:url\" content=\"https:\/\/www.st-paul.com\/fr\/blog\/st-paul-sial-paris-2022\" \/>\n<meta property=\"og:site_name\" content=\"St. Paul\" \/>\n<meta property=\"article:published_time\" content=\"2022-11-10T09:35:40+00:00\" \/>\n<meta property=\"article:modified_time\" content=\"2024-02-13T09:15:56+00:00\" \/>\n<meta property=\"og:image\" content=\"https:\/\/www.st-paul.com\/wp-content\/uploads\/2022\/11\/Linkedinfacebooksialpost.png\" \/>\n\t<meta property=\"og:image:width\" content=\"1200\" \/>\n\t<meta property=\"og:image:height\" content=\"628\" \/>\n\t<meta property=\"og:image:type\" content=\"image\/png\" \/>\n<meta name=\"author\" content=\"Esm\u00e9e Coers\" \/>\n<meta name=\"twitter:card\" content=\"summary_large_image\" \/>\n<meta name=\"twitter:label1\" content=\"\u00c9crit par\" \/>\n\t<meta name=\"twitter:data1\" content=\"Esm\u00e9e Coers\" \/>\n\t<meta name=\"twitter:label2\" content=\"Dur\u00e9e de lecture estim\u00e9e\" \/>\n\t<meta name=\"twitter:data2\" content=\"2 minutes\" \/>\n<script type=\"application\/ld+json\" class=\"yoast-schema-graph\">{\"@context\":\"https:\\\/\\\/schema.org\",\"@graph\":[{\"@type\":\"Article\",\"@id\":\"https:\\\/\\\/www.st-paul.com\\\/fr\\\/blog\\\/st-paul-sial-paris-2022#article\",\"isPartOf\":{\"@id\":\"https:\\\/\\\/www.st-paul.com\\\/fr\\\/blog\\\/st-paul-sial-paris-2022\"},\"author\":{\"name\":\"Esm\u00e9e Coers\",\"@id\":\"https:\\\/\\\/www.st-paul.com\\\/fr#\\\/schema\\\/person\\\/ff0da3e225b07ea1fef5c53baeab6434\"},\"headline\":\"St. Paul @SIAL Paris 2022\",\"datePublished\":\"2022-11-10T09:35:40+00:00\",\"dateModified\":\"2024-02-13T09:15:56+00:00\",\"mainEntityOfPage\":{\"@id\":\"https:\\\/\\\/www.st-paul.com\\\/fr\\\/blog\\\/st-paul-sial-paris-2022\"},\"wordCount\":288,\"commentCount\":0,\"image\":{\"@id\":\"https:\\\/\\\/www.st-paul.com\\\/fr\\\/blog\\\/st-paul-sial-paris-2022#primaryimage\"},\"thumbnailUrl\":\"https:\\\/\\\/www.st-paul.com\\\/wp-content\\\/uploads\\\/2022\\\/11\\\/Linkedinfacebooksialpost.png\",\"articleSection\":[\"Non classifi\u00e9(e)\"],\"inLanguage\":\"fr-FR\",\"potentialAction\":[{\"@type\":\"CommentAction\",\"name\":\"Comment\",\"target\":[\"https:\\\/\\\/www.st-paul.com\\\/fr\\\/blog\\\/st-paul-sial-paris-2022#respond\"]}]},{\"@type\":\"WebPage\",\"@id\":\"https:\\\/\\\/www.st-paul.com\\\/fr\\\/blog\\\/st-paul-sial-paris-2022\",\"url\":\"https:\\\/\\\/www.st-paul.com\\\/fr\\\/blog\\\/st-paul-sial-paris-2022\",\"name\":\"St. Paul @SIAL Paris 2022 - St. Paul\",\"isPartOf\":{\"@id\":\"https:\\\/\\\/www.st-paul.com\\\/fr#website\"},\"primaryImageOfPage\":{\"@id\":\"https:\\\/\\\/www.st-paul.com\\\/fr\\\/blog\\\/st-paul-sial-paris-2022#primaryimage\"},\"image\":{\"@id\":\"https:\\\/\\\/www.st-paul.com\\\/fr\\\/blog\\\/st-paul-sial-paris-2022#primaryimage\"},\"thumbnailUrl\":\"https:\\\/\\\/www.st-paul.com\\\/wp-content\\\/uploads\\\/2022\\\/11\\\/Linkedinfacebooksialpost.png\",\"datePublished\":\"2022-11-10T09:35:40+00:00\",\"dateModified\":\"2024-02-13T09:15:56+00:00\",\"author\":{\"@id\":\"https:\\\/\\\/www.st-paul.com\\\/fr#\\\/schema\\\/person\\\/ff0da3e225b07ea1fef5c53baeab6434\"},\"breadcrumb\":{\"@id\":\"https:\\\/\\\/www.st-paul.com\\\/fr\\\/blog\\\/st-paul-sial-paris-2022#breadcrumb\"},\"inLanguage\":\"fr-FR\",\"potentialAction\":[{\"@type\":\"ReadAction\",\"target\":[\"https:\\\/\\\/www.st-paul.com\\\/fr\\\/blog\\\/st-paul-sial-paris-2022\"]}]},{\"@type\":\"ImageObject\",\"inLanguage\":\"fr-FR\",\"@id\":\"https:\\\/\\\/www.st-paul.com\\\/fr\\\/blog\\\/st-paul-sial-paris-2022#primaryimage\",\"url\":\"https:\\\/\\\/www.st-paul.com\\\/wp-content\\\/uploads\\\/2022\\\/11\\\/Linkedinfacebooksialpost.png\",\"contentUrl\":\"https:\\\/\\\/www.st-paul.com\\\/wp-content\\\/uploads\\\/2022\\\/11\\\/Linkedinfacebooksialpost.png\",\"width\":1200,\"height\":628},{\"@type\":\"BreadcrumbList\",\"@id\":\"https:\\\/\\\/www.st-paul.com\\\/fr\\\/blog\\\/st-paul-sial-paris-2022#breadcrumb\",\"itemListElement\":[{\"@type\":\"ListItem\",\"position\":1,\"name\":\"Home\",\"item\":\"https:\\\/\\\/www.st-paul.com\\\/fr\"},{\"@type\":\"ListItem\",\"position\":2,\"name\":\"St. Paul @SIAL Paris 2022\"}]},{\"@type\":\"WebSite\",\"@id\":\"https:\\\/\\\/www.st-paul.com\\\/fr#website\",\"url\":\"https:\\\/\\\/www.st-paul.com\\\/fr\",\"name\":\"St. Paul\",\"description\":\"\",\"potentialAction\":[{\"@type\":\"SearchAction\",\"target\":{\"@type\":\"EntryPoint\",\"urlTemplate\":\"https:\\\/\\\/www.st-paul.com\\\/fr?s={search_term_string}\"},\"query-input\":{\"@type\":\"PropertyValueSpecification\",\"valueRequired\":true,\"valueName\":\"search_term_string\"}}],\"inLanguage\":\"fr-FR\"},{\"@type\":\"Person\",\"@id\":\"https:\\\/\\\/www.st-paul.com\\\/fr#\\\/schema\\\/person\\\/ff0da3e225b07ea1fef5c53baeab6434\",\"name\":\"Esm\u00e9e Coers\",\"image\":\"https:\\\/\\\/www.st-paul.com\\\/wp-content\\\/uploads\\\/2024\\\/01\\\/esmee-coers.jpeg\",\"sameAs\":[\"https:\\\/\\\/www.st-paul.com\\\/\"],\"description\":null,\"jobTitle\":\"Food Marketeer\",\"affiliation\":{\"@type\":\"Organization\",\"name\":\"St. Paul\",\"url\":\"https:\\\/\\\/www.st-paul.com\\\/\"}}]}<\/script>\n<!-- \/ Yoast SEO plugin. -->","yoast_head_json":{"title":"St. Paul @SIAL Paris 2022 - St. Paul","robots":{"index":"index","follow":"follow","max-snippet":"max-snippet:-1","max-image-preview":"max-image-preview:large","max-video-preview":"max-video-preview:-1"},"canonical":"https:\/\/www.st-paul.com\/fr\/blog\/st-paul-sial-paris-2022","og_locale":"fr_FR","og_type":"article","og_title":"St. Paul @SIAL Paris 2022 - St. Paul","og_description":"Pendant 5 jours, le SIAL Paris a \u00e9t\u00e9 la source d&rsquo;inspiration internationale pour l&rsquo;industrie alimentaire. Et nous \u00e9tions pr\u00e9sents dans le Hall 7 Stand A 173. QUELLE SEMAINE ! Ces journ\u00e9es ont \u00e9t\u00e9 fructueuses et int\u00e9ressantes ! Nous avons pu discuter avec nos relations et \u00e9tablir de nombreux nouveaux contacts. Nous avons inspir\u00e9 nos clients [&hellip;]","og_url":"https:\/\/www.st-paul.com\/fr\/blog\/st-paul-sial-paris-2022","og_site_name":"St. Paul","article_published_time":"2022-11-10T09:35:40+00:00","article_modified_time":"2024-02-13T09:15:56+00:00","og_image":[{"width":1200,"height":628,"url":"https:\/\/www.st-paul.com\/wp-content\/uploads\/2022\/11\/Linkedinfacebooksialpost.png","type":"image\/png"}],"author":"Esm\u00e9e Coers","twitter_card":"summary_large_image","twitter_misc":{"\u00c9crit par":"Esm\u00e9e Coers","Dur\u00e9e de lecture estim\u00e9e":"2 minutes"},"schema":{"@context":"https:\/\/schema.org","@graph":[{"@type":"Article","@id":"https:\/\/www.st-paul.com\/fr\/blog\/st-paul-sial-paris-2022#article","isPartOf":{"@id":"https:\/\/www.st-paul.com\/fr\/blog\/st-paul-sial-paris-2022"},"author":{"name":"Esm\u00e9e Coers","@id":"https:\/\/www.st-paul.com\/fr#\/schema\/person\/ff0da3e225b07ea1fef5c53baeab6434"},"headline":"St. Paul @SIAL Paris 2022","datePublished":"2022-11-10T09:35:40+00:00","dateModified":"2024-02-13T09:15:56+00:00","mainEntityOfPage":{"@id":"https:\/\/www.st-paul.com\/fr\/blog\/st-paul-sial-paris-2022"},"wordCount":288,"commentCount":0,"image":{"@id":"https:\/\/www.st-paul.com\/fr\/blog\/st-paul-sial-paris-2022#primaryimage"},"thumbnailUrl":"https:\/\/www.st-paul.com\/wp-content\/uploads\/2022\/11\/Linkedinfacebooksialpost.png","articleSection":["Non classifi\u00e9(e)"],"inLanguage":"fr-FR","potentialAction":[{"@type":"CommentAction","name":"Comment","target":["https:\/\/www.st-paul.com\/fr\/blog\/st-paul-sial-paris-2022#respond"]}]},{"@type":"WebPage","@id":"https:\/\/www.st-paul.com\/fr\/blog\/st-paul-sial-paris-2022","url":"https:\/\/www.st-paul.com\/fr\/blog\/st-paul-sial-paris-2022","name":"St. Paul @SIAL Paris 2022 - St. Paul","isPartOf":{"@id":"https:\/\/www.st-paul.com\/fr#website"},"primaryImageOfPage":{"@id":"https:\/\/www.st-paul.com\/fr\/blog\/st-paul-sial-paris-2022#primaryimage"},"image":{"@id":"https:\/\/www.st-paul.com\/fr\/blog\/st-paul-sial-paris-2022#primaryimage"},"thumbnailUrl":"https:\/\/www.st-paul.com\/wp-content\/uploads\/2022\/11\/Linkedinfacebooksialpost.png","datePublished":"2022-11-10T09:35:40+00:00","dateModified":"2024-02-13T09:15:56+00:00","author":{"@id":"https:\/\/www.st-paul.com\/fr#\/schema\/person\/ff0da3e225b07ea1fef5c53baeab6434"},"breadcrumb":{"@id":"https:\/\/www.st-paul.com\/fr\/blog\/st-paul-sial-paris-2022#breadcrumb"},"inLanguage":"fr-FR","potentialAction":[{"@type":"ReadAction","target":["https:\/\/www.st-paul.com\/fr\/blog\/st-paul-sial-paris-2022"]}]},{"@type":"ImageObject","inLanguage":"fr-FR","@id":"https:\/\/www.st-paul.com\/fr\/blog\/st-paul-sial-paris-2022#primaryimage","url":"https:\/\/www.st-paul.com\/wp-content\/uploads\/2022\/11\/Linkedinfacebooksialpost.png","contentUrl":"https:\/\/www.st-paul.com\/wp-content\/uploads\/2022\/11\/Linkedinfacebooksialpost.png","width":1200,"height":628},{"@type":"BreadcrumbList","@id":"https:\/\/www.st-paul.com\/fr\/blog\/st-paul-sial-paris-2022#breadcrumb","itemListElement":[{"@type":"ListItem","position":1,"name":"Home","item":"https:\/\/www.st-paul.com\/fr"},{"@type":"ListItem","position":2,"name":"St. Paul @SIAL Paris 2022"}]},{"@type":"WebSite","@id":"https:\/\/www.st-paul.com\/fr#website","url":"https:\/\/www.st-paul.com\/fr","name":"St. Paul","description":"","potentialAction":[{"@type":"SearchAction","target":{"@type":"EntryPoint","urlTemplate":"https:\/\/www.st-paul.com\/fr?s={search_term_string}"},"query-input":{"@type":"PropertyValueSpecification","valueRequired":true,"valueName":"search_term_string"}}],"inLanguage":"fr-FR"},{"@type":"Person","@id":"https:\/\/www.st-paul.com\/fr#\/schema\/person\/ff0da3e225b07ea1fef5c53baeab6434","name":"Esm\u00e9e Coers","image":"https:\/\/www.st-paul.com\/wp-content\/uploads\/2024\/01\/esmee-coers.jpeg","sameAs":["https:\/\/www.st-paul.com\/"],"description":null,"jobTitle":"Food Marketeer","affiliation":{"@type":"Organization","name":"St. Paul","url":"https:\/\/www.st-paul.com\/"}}]}},"_links":{"self":[{"href":"https:\/\/www.st-paul.com\/fr\/wp-json\/wp\/v2\/posts\/1938","targetHints":{"allow":["GET"]}}],"collection":[{"href":"https:\/\/www.st-paul.com\/fr\/wp-json\/wp\/v2\/posts"}],"about":[{"href":"https:\/\/www.st-paul.com\/fr\/wp-json\/wp\/v2\/types\/post"}],"author":[{"embeddable":true,"href":"https:\/\/www.st-paul.com\/fr\/wp-json\/wp\/v2\/users\/2"}],"replies":[{"embeddable":true,"href":"https:\/\/www.st-paul.com\/fr\/wp-json\/wp\/v2\/comments?post=1938"}],"version-history":[{"count":1,"href":"https:\/\/www.st-paul.com\/fr\/wp-json\/wp\/v2\/posts\/1938\/revisions"}],"predecessor-version":[{"id":1944,"href":"https:\/\/www.st-paul.com\/fr\/wp-json\/wp\/v2\/posts\/1938\/revisions\/1944"}],"wp:featuredmedia":[{"embeddable":true,"href":"https:\/\/www.st-paul.com\/fr\/wp-json\/wp\/v2\/media\/1290"}],"wp:attachment":[{"href":"https:\/\/www.st-paul.com\/fr\/wp-json\/wp\/v2\/media?parent=1938"}],"wp:term":[{"taxonomy":"category","embeddable":true,"href":"https:\/\/www.st-paul.com\/fr\/wp-json\/wp\/v2\/categories?post=1938"},{"taxonomy":"post_tag","embeddable":true,"href":"https:\/\/www.st-paul.com\/fr\/wp-json\/wp\/v2\/tags?post=1938"}],"curies":[{"name":"wp","href":"https:\/\/api.w.org\/{rel}","templated":true}]}}