{"id":2127,"date":"2023-03-24T10:25:06","date_gmt":"2023-03-24T08:25:06","guid":{"rendered":"https:\/\/www.st-paul.com\/blog\/high-tech-cheese-wizard-assifontes-smeltkaas-bijeenkomst-bij-st-paul"},"modified":"2024-02-13T11:59:33","modified_gmt":"2024-02-13T11:59:33","slug":"il-mago-del-formaggio-high-tech-lincontro-sul-formaggio-fuso-di-assifonte-a-st-paul","status":"publish","type":"post","link":"https:\/\/www.st-paul.com\/it\/blog\/il-mago-del-formaggio-high-tech-lincontro-sul-formaggio-fuso-di-assifonte-a-st-paul","title":{"rendered":"Il &#8220;mago del formaggio&#8221; high-tech: L&#8217;incontro sul formaggio fuso di ASSIFONTE a St Paul"},"content":{"rendered":"<p><strong>Il &#8220;mago del formaggio&#8221; high-tech: incontro sul formaggio fuso a St Paul<\/strong><\/p>\n<p>La scorsa settimana (7 aprile), i membri del consiglio di amministrazione di ASSIFONTE hanno visitato il nostro stabilimento di lavorazione di St. Jansteen, nei Paesi Bassi, e hanno assistito all&#8217;impressionante concentrato di tecnologia casearia in loco per il settore dei formaggi B2B.<\/p>\n<p>&#8216;Smart Cheese Solutions&#8217; \u00e8 il motto ufficiale di St. Paul, ma alcuni ci chiamano i &#8216;maghi del formaggio&#8217;: qualunque sia il tipo di formaggio, qualunque sia la funzionalit\u00e0, qualunque sia il prodotto finale, abbiamo l&#8217;esperienza, la tecnologia e la passione per fornire il formaggio perfetto per l&#8217;industria alimentare&#8221;, ha dichiarato Dieter Kuijl, proprietario e CEO di St. Paul e presidente di ASSIFONTE.<\/p>\n<p>Dieter Kuijl non \u00e8 solo il CEO di St. Paul, ma anche il presidente di ASSIFONTE. ASSIFONTE rappresenta il settore europeo dei formaggi fusi in generale. D\u00e0 voce all&#8217;intero settore a livello europeo e fornisce una piattaforma agli esperti del settore per scambiare le nuove innovazioni e le migliori pratiche con i responsabili politici dell&#8217;UE.<\/p>\n<p><strong>Qual \u00e8 il ruolo di ASSIFONTE nell&#8217;industria del formaggio fuso?<\/strong><\/p>\n<p>ASSIFONTE svolge un ruolo fondamentale nell&#8217;industria del formaggio fuso, sia a livello esterno che interno.<\/p>\n<p>All&#8217;esterno, ASSIFONTE \u00e8 partner della Commissione europea e partecipa alle discussioni su questioni cruciali per il settore. In qualit\u00e0 di membro permanente del Comitato consultivo, ASSIFONTE presenta regolarmente i propri punti di vista in un ambito pi\u00f9 ampio. L&#8217;organizzazione mantiene inoltre contatti con organizzazioni internazionali, come l&#8217;OMC, per promuovere gli interessi del settore europeo dei formaggi fusi. Collabora inoltre con le ambasciate e le autorit\u00e0 straniere per risolvere problemi specifici legati all&#8217;esportazione dei formaggi fusi europei. ASSIFONTE collabora con la European Dairy Association (EDA) e rappresenta i punti specifici dell&#8217;industria del formaggio fuso all&#8217;interno dell&#8217;organizzazione e segue il lavoro di FoodDrinkEurope (FDE).<\/p>\n<p>Internamente, ASSIFONTE organizza gruppi di lavoro ad hoc e piccoli gruppi d&#8217;azione a cui sono invitati esperti dell&#8217;industria del formaggio fuso. L&#8217;organizzazione dispone di un piccolo consiglio di amministrazione, il Comit\u00e9 Directeur, che si riunisce due o tre volte l&#8217;anno o quando necessario per difendere gli interessi dell&#8217;industria del formaggio fuso in caso di azioni di emergenza nei confronti della Commissione europea o di altre parti. L&#8217;efficacia dell&#8217;organizzazione \u00e8 garantita dalla brevit\u00e0 delle linee di comunicazione e dalla disponibilit\u00e0 dei membri del Comit\u00e9 Directeur a intervenire in caso di necessit\u00e0.<\/p>\n","protected":false},"excerpt":{"rendered":"<p>Il &#8220;mago del formaggio&#8221; high-tech: incontro sul formaggio fuso a St Paul La scorsa settimana (7 aprile), i membri del consiglio di amministrazione di ASSIFONTE hanno visitato il nostro stabilimento di lavorazione di St. Jansteen, nei Paesi Bassi, e hanno assistito all&#8217;impressionante concentrato di tecnologia casearia in loco per il settore dei formaggi B2B. &#8216;Smart [&hellip;]<\/p>\n","protected":false},"author":2,"featured_media":1442,"comment_status":"open","ping_status":"open","sticky":false,"template":"","format":"standard","meta":{"_acf_changed":false,"footnotes":""},"categories":[13],"tags":[],"class_list":["post-2127","post","type-post","status-publish","format-standard","has-post-thumbnail","hentry","category-non-categorizzato"],"acf":[],"yoast_head":"<!-- This site is optimized with the Yoast SEO plugin v27.4 - https:\/\/yoast.com\/product\/yoast-seo-wordpress\/ -->\n<title>Il &quot;mago del formaggio&quot; high-tech: L&#039;incontro sul formaggio fuso di ASSIFONTE a St Paul - St. Paul<\/title>\n<meta name=\"robots\" content=\"index, follow, max-snippet:-1, max-image-preview:large, max-video-preview:-1\" \/>\n<link rel=\"canonical\" href=\"https:\/\/www.st-paul.com\/it\/blog\/il-mago-del-formaggio-high-tech-lincontro-sul-formaggio-fuso-di-assifonte-a-st-paul\" \/>\n<meta property=\"og:locale\" content=\"it_IT\" \/>\n<meta property=\"og:type\" content=\"article\" \/>\n<meta property=\"og:title\" content=\"Il &quot;mago del formaggio&quot; high-tech: L&#039;incontro sul formaggio fuso di ASSIFONTE a St Paul - St. Paul\" \/>\n<meta property=\"og:description\" content=\"Il &#8220;mago del formaggio&#8221; high-tech: incontro sul formaggio fuso a St Paul La scorsa settimana (7 aprile), i membri del consiglio di amministrazione di ASSIFONTE hanno visitato il nostro stabilimento di lavorazione di St. Jansteen, nei Paesi Bassi, e hanno assistito all&#8217;impressionante concentrato di tecnologia casearia in loco per il settore dei formaggi B2B. &#8216;Smart [&hellip;]\" \/>\n<meta property=\"og:url\" content=\"https:\/\/www.st-paul.com\/it\/blog\/il-mago-del-formaggio-high-tech-lincontro-sul-formaggio-fuso-di-assifonte-a-st-paul\" \/>\n<meta property=\"og:site_name\" content=\"St. Paul\" \/>\n<meta property=\"article:published_time\" content=\"2023-03-24T08:25:06+00:00\" \/>\n<meta property=\"article:modified_time\" content=\"2024-02-13T11:59:33+00:00\" \/>\n<meta property=\"og:image\" content=\"https:\/\/www.st-paul.com\/wp-content\/uploads\/2024\/01\/connect-.jpg\" \/>\n\t<meta property=\"og:image:width\" content=\"540\" \/>\n\t<meta property=\"og:image:height\" content=\"350\" \/>\n\t<meta property=\"og:image:type\" content=\"image\/jpeg\" \/>\n<meta name=\"author\" content=\"Esm\u00e9e Coers\" \/>\n<meta name=\"twitter:card\" content=\"summary_large_image\" \/>\n<meta name=\"twitter:label1\" content=\"Scritto da\" \/>\n\t<meta name=\"twitter:data1\" content=\"Esm\u00e9e Coers\" \/>\n\t<meta name=\"twitter:label2\" content=\"Tempo di lettura stimato\" \/>\n\t<meta name=\"twitter:data2\" content=\"2 minuti\" \/>\n<script type=\"application\/ld+json\" class=\"yoast-schema-graph\">{\"@context\":\"https:\\\/\\\/schema.org\",\"@graph\":[{\"@type\":\"Article\",\"@id\":\"https:\\\/\\\/www.st-paul.com\\\/it\\\/blog\\\/il-mago-del-formaggio-high-tech-lincontro-sul-formaggio-fuso-di-assifonte-a-st-paul#article\",\"isPartOf\":{\"@id\":\"https:\\\/\\\/www.st-paul.com\\\/it\\\/blog\\\/il-mago-del-formaggio-high-tech-lincontro-sul-formaggio-fuso-di-assifonte-a-st-paul\"},\"author\":{\"name\":\"Esm\u00e9e Coers\",\"@id\":\"https:\\\/\\\/www.st-paul.com\\\/it#\\\/schema\\\/person\\\/ff0da3e225b07ea1fef5c53baeab6434\"},\"headline\":\"Il &#8220;mago del formaggio&#8221; high-tech: L&#8217;incontro sul formaggio fuso di ASSIFONTE a St Paul\",\"datePublished\":\"2023-03-24T08:25:06+00:00\",\"dateModified\":\"2024-02-13T11:59:33+00:00\",\"mainEntityOfPage\":{\"@id\":\"https:\\\/\\\/www.st-paul.com\\\/it\\\/blog\\\/il-mago-del-formaggio-high-tech-lincontro-sul-formaggio-fuso-di-assifonte-a-st-paul\"},\"wordCount\":419,\"commentCount\":0,\"image\":{\"@id\":\"https:\\\/\\\/www.st-paul.com\\\/it\\\/blog\\\/il-mago-del-formaggio-high-tech-lincontro-sul-formaggio-fuso-di-assifonte-a-st-paul#primaryimage\"},\"thumbnailUrl\":\"https:\\\/\\\/www.st-paul.com\\\/wp-content\\\/uploads\\\/2024\\\/01\\\/connect-.jpg\",\"articleSection\":[\"Non categorizzato\"],\"inLanguage\":\"it-IT\",\"potentialAction\":[{\"@type\":\"CommentAction\",\"name\":\"Comment\",\"target\":[\"https:\\\/\\\/www.st-paul.com\\\/it\\\/blog\\\/il-mago-del-formaggio-high-tech-lincontro-sul-formaggio-fuso-di-assifonte-a-st-paul#respond\"]}]},{\"@type\":\"WebPage\",\"@id\":\"https:\\\/\\\/www.st-paul.com\\\/it\\\/blog\\\/il-mago-del-formaggio-high-tech-lincontro-sul-formaggio-fuso-di-assifonte-a-st-paul\",\"url\":\"https:\\\/\\\/www.st-paul.com\\\/it\\\/blog\\\/il-mago-del-formaggio-high-tech-lincontro-sul-formaggio-fuso-di-assifonte-a-st-paul\",\"name\":\"Il \\\"mago del formaggio\\\" high-tech: L'incontro sul formaggio fuso di ASSIFONTE a St Paul - St. Paul\",\"isPartOf\":{\"@id\":\"https:\\\/\\\/www.st-paul.com\\\/it#website\"},\"primaryImageOfPage\":{\"@id\":\"https:\\\/\\\/www.st-paul.com\\\/it\\\/blog\\\/il-mago-del-formaggio-high-tech-lincontro-sul-formaggio-fuso-di-assifonte-a-st-paul#primaryimage\"},\"image\":{\"@id\":\"https:\\\/\\\/www.st-paul.com\\\/it\\\/blog\\\/il-mago-del-formaggio-high-tech-lincontro-sul-formaggio-fuso-di-assifonte-a-st-paul#primaryimage\"},\"thumbnailUrl\":\"https:\\\/\\\/www.st-paul.com\\\/wp-content\\\/uploads\\\/2024\\\/01\\\/connect-.jpg\",\"datePublished\":\"2023-03-24T08:25:06+00:00\",\"dateModified\":\"2024-02-13T11:59:33+00:00\",\"author\":{\"@id\":\"https:\\\/\\\/www.st-paul.com\\\/it#\\\/schema\\\/person\\\/ff0da3e225b07ea1fef5c53baeab6434\"},\"breadcrumb\":{\"@id\":\"https:\\\/\\\/www.st-paul.com\\\/it\\\/blog\\\/il-mago-del-formaggio-high-tech-lincontro-sul-formaggio-fuso-di-assifonte-a-st-paul#breadcrumb\"},\"inLanguage\":\"it-IT\",\"potentialAction\":[{\"@type\":\"ReadAction\",\"target\":[\"https:\\\/\\\/www.st-paul.com\\\/it\\\/blog\\\/il-mago-del-formaggio-high-tech-lincontro-sul-formaggio-fuso-di-assifonte-a-st-paul\"]}]},{\"@type\":\"ImageObject\",\"inLanguage\":\"it-IT\",\"@id\":\"https:\\\/\\\/www.st-paul.com\\\/it\\\/blog\\\/il-mago-del-formaggio-high-tech-lincontro-sul-formaggio-fuso-di-assifonte-a-st-paul#primaryimage\",\"url\":\"https:\\\/\\\/www.st-paul.com\\\/wp-content\\\/uploads\\\/2024\\\/01\\\/connect-.jpg\",\"contentUrl\":\"https:\\\/\\\/www.st-paul.com\\\/wp-content\\\/uploads\\\/2024\\\/01\\\/connect-.jpg\",\"width\":540,\"height\":350},{\"@type\":\"BreadcrumbList\",\"@id\":\"https:\\\/\\\/www.st-paul.com\\\/it\\\/blog\\\/il-mago-del-formaggio-high-tech-lincontro-sul-formaggio-fuso-di-assifonte-a-st-paul#breadcrumb\",\"itemListElement\":[{\"@type\":\"ListItem\",\"position\":1,\"name\":\"Home\",\"item\":\"https:\\\/\\\/www.st-paul.com\\\/it\"},{\"@type\":\"ListItem\",\"position\":2,\"name\":\"Il &#8220;mago del formaggio&#8221; high-tech: L&#8217;incontro sul formaggio fuso di ASSIFONTE a St Paul\"}]},{\"@type\":\"WebSite\",\"@id\":\"https:\\\/\\\/www.st-paul.com\\\/it#website\",\"url\":\"https:\\\/\\\/www.st-paul.com\\\/it\",\"name\":\"St. Paul\",\"description\":\"\",\"potentialAction\":[{\"@type\":\"SearchAction\",\"target\":{\"@type\":\"EntryPoint\",\"urlTemplate\":\"https:\\\/\\\/www.st-paul.com\\\/it?s={search_term_string}\"},\"query-input\":{\"@type\":\"PropertyValueSpecification\",\"valueRequired\":true,\"valueName\":\"search_term_string\"}}],\"inLanguage\":\"it-IT\"},{\"@type\":\"Person\",\"@id\":\"https:\\\/\\\/www.st-paul.com\\\/it#\\\/schema\\\/person\\\/ff0da3e225b07ea1fef5c53baeab6434\",\"name\":\"Esm\u00e9e Coers\",\"image\":\"https:\\\/\\\/www.st-paul.com\\\/wp-content\\\/uploads\\\/2024\\\/01\\\/esmee-coers.jpeg\",\"sameAs\":[\"https:\\\/\\\/www.st-paul.com\\\/\"],\"description\":null,\"jobTitle\":\"Food Marketeer\",\"affiliation\":{\"@type\":\"Organization\",\"name\":\"St. Paul\",\"url\":\"https:\\\/\\\/www.st-paul.com\\\/\"}}]}<\/script>\n<!-- \/ Yoast SEO plugin. -->","yoast_head_json":{"title":"Il \"mago del formaggio\" high-tech: L'incontro sul formaggio fuso di ASSIFONTE a St Paul - St. Paul","robots":{"index":"index","follow":"follow","max-snippet":"max-snippet:-1","max-image-preview":"max-image-preview:large","max-video-preview":"max-video-preview:-1"},"canonical":"https:\/\/www.st-paul.com\/it\/blog\/il-mago-del-formaggio-high-tech-lincontro-sul-formaggio-fuso-di-assifonte-a-st-paul","og_locale":"it_IT","og_type":"article","og_title":"Il \"mago del formaggio\" high-tech: L'incontro sul formaggio fuso di ASSIFONTE a St Paul - St. Paul","og_description":"Il &#8220;mago del formaggio&#8221; high-tech: incontro sul formaggio fuso a St Paul La scorsa settimana (7 aprile), i membri del consiglio di amministrazione di ASSIFONTE hanno visitato il nostro stabilimento di lavorazione di St. Jansteen, nei Paesi Bassi, e hanno assistito all&#8217;impressionante concentrato di tecnologia casearia in loco per il settore dei formaggi B2B. &#8216;Smart [&hellip;]","og_url":"https:\/\/www.st-paul.com\/it\/blog\/il-mago-del-formaggio-high-tech-lincontro-sul-formaggio-fuso-di-assifonte-a-st-paul","og_site_name":"St. Paul","article_published_time":"2023-03-24T08:25:06+00:00","article_modified_time":"2024-02-13T11:59:33+00:00","og_image":[{"width":540,"height":350,"url":"https:\/\/www.st-paul.com\/wp-content\/uploads\/2024\/01\/connect-.jpg","type":"image\/jpeg"}],"author":"Esm\u00e9e Coers","twitter_card":"summary_large_image","twitter_misc":{"Scritto da":"Esm\u00e9e Coers","Tempo di lettura stimato":"2 minuti"},"schema":{"@context":"https:\/\/schema.org","@graph":[{"@type":"Article","@id":"https:\/\/www.st-paul.com\/it\/blog\/il-mago-del-formaggio-high-tech-lincontro-sul-formaggio-fuso-di-assifonte-a-st-paul#article","isPartOf":{"@id":"https:\/\/www.st-paul.com\/it\/blog\/il-mago-del-formaggio-high-tech-lincontro-sul-formaggio-fuso-di-assifonte-a-st-paul"},"author":{"name":"Esm\u00e9e Coers","@id":"https:\/\/www.st-paul.com\/it#\/schema\/person\/ff0da3e225b07ea1fef5c53baeab6434"},"headline":"Il &#8220;mago del formaggio&#8221; high-tech: L&#8217;incontro sul formaggio fuso di ASSIFONTE a St Paul","datePublished":"2023-03-24T08:25:06+00:00","dateModified":"2024-02-13T11:59:33+00:00","mainEntityOfPage":{"@id":"https:\/\/www.st-paul.com\/it\/blog\/il-mago-del-formaggio-high-tech-lincontro-sul-formaggio-fuso-di-assifonte-a-st-paul"},"wordCount":419,"commentCount":0,"image":{"@id":"https:\/\/www.st-paul.com\/it\/blog\/il-mago-del-formaggio-high-tech-lincontro-sul-formaggio-fuso-di-assifonte-a-st-paul#primaryimage"},"thumbnailUrl":"https:\/\/www.st-paul.com\/wp-content\/uploads\/2024\/01\/connect-.jpg","articleSection":["Non categorizzato"],"inLanguage":"it-IT","potentialAction":[{"@type":"CommentAction","name":"Comment","target":["https:\/\/www.st-paul.com\/it\/blog\/il-mago-del-formaggio-high-tech-lincontro-sul-formaggio-fuso-di-assifonte-a-st-paul#respond"]}]},{"@type":"WebPage","@id":"https:\/\/www.st-paul.com\/it\/blog\/il-mago-del-formaggio-high-tech-lincontro-sul-formaggio-fuso-di-assifonte-a-st-paul","url":"https:\/\/www.st-paul.com\/it\/blog\/il-mago-del-formaggio-high-tech-lincontro-sul-formaggio-fuso-di-assifonte-a-st-paul","name":"Il \"mago del formaggio\" high-tech: L'incontro sul formaggio fuso di ASSIFONTE a St Paul - St. Paul","isPartOf":{"@id":"https:\/\/www.st-paul.com\/it#website"},"primaryImageOfPage":{"@id":"https:\/\/www.st-paul.com\/it\/blog\/il-mago-del-formaggio-high-tech-lincontro-sul-formaggio-fuso-di-assifonte-a-st-paul#primaryimage"},"image":{"@id":"https:\/\/www.st-paul.com\/it\/blog\/il-mago-del-formaggio-high-tech-lincontro-sul-formaggio-fuso-di-assifonte-a-st-paul#primaryimage"},"thumbnailUrl":"https:\/\/www.st-paul.com\/wp-content\/uploads\/2024\/01\/connect-.jpg","datePublished":"2023-03-24T08:25:06+00:00","dateModified":"2024-02-13T11:59:33+00:00","author":{"@id":"https:\/\/www.st-paul.com\/it#\/schema\/person\/ff0da3e225b07ea1fef5c53baeab6434"},"breadcrumb":{"@id":"https:\/\/www.st-paul.com\/it\/blog\/il-mago-del-formaggio-high-tech-lincontro-sul-formaggio-fuso-di-assifonte-a-st-paul#breadcrumb"},"inLanguage":"it-IT","potentialAction":[{"@type":"ReadAction","target":["https:\/\/www.st-paul.com\/it\/blog\/il-mago-del-formaggio-high-tech-lincontro-sul-formaggio-fuso-di-assifonte-a-st-paul"]}]},{"@type":"ImageObject","inLanguage":"it-IT","@id":"https:\/\/www.st-paul.com\/it\/blog\/il-mago-del-formaggio-high-tech-lincontro-sul-formaggio-fuso-di-assifonte-a-st-paul#primaryimage","url":"https:\/\/www.st-paul.com\/wp-content\/uploads\/2024\/01\/connect-.jpg","contentUrl":"https:\/\/www.st-paul.com\/wp-content\/uploads\/2024\/01\/connect-.jpg","width":540,"height":350},{"@type":"BreadcrumbList","@id":"https:\/\/www.st-paul.com\/it\/blog\/il-mago-del-formaggio-high-tech-lincontro-sul-formaggio-fuso-di-assifonte-a-st-paul#breadcrumb","itemListElement":[{"@type":"ListItem","position":1,"name":"Home","item":"https:\/\/www.st-paul.com\/it"},{"@type":"ListItem","position":2,"name":"Il &#8220;mago del formaggio&#8221; high-tech: L&#8217;incontro sul formaggio fuso di ASSIFONTE a St Paul"}]},{"@type":"WebSite","@id":"https:\/\/www.st-paul.com\/it#website","url":"https:\/\/www.st-paul.com\/it","name":"St. Paul","description":"","potentialAction":[{"@type":"SearchAction","target":{"@type":"EntryPoint","urlTemplate":"https:\/\/www.st-paul.com\/it?s={search_term_string}"},"query-input":{"@type":"PropertyValueSpecification","valueRequired":true,"valueName":"search_term_string"}}],"inLanguage":"it-IT"},{"@type":"Person","@id":"https:\/\/www.st-paul.com\/it#\/schema\/person\/ff0da3e225b07ea1fef5c53baeab6434","name":"Esm\u00e9e Coers","image":"https:\/\/www.st-paul.com\/wp-content\/uploads\/2024\/01\/esmee-coers.jpeg","sameAs":["https:\/\/www.st-paul.com\/"],"description":null,"jobTitle":"Food Marketeer","affiliation":{"@type":"Organization","name":"St. Paul","url":"https:\/\/www.st-paul.com\/"}}]}},"_links":{"self":[{"href":"https:\/\/www.st-paul.com\/it\/wp-json\/wp\/v2\/posts\/2127","targetHints":{"allow":["GET"]}}],"collection":[{"href":"https:\/\/www.st-paul.com\/it\/wp-json\/wp\/v2\/posts"}],"about":[{"href":"https:\/\/www.st-paul.com\/it\/wp-json\/wp\/v2\/types\/post"}],"author":[{"embeddable":true,"href":"https:\/\/www.st-paul.com\/it\/wp-json\/wp\/v2\/users\/2"}],"replies":[{"embeddable":true,"href":"https:\/\/www.st-paul.com\/it\/wp-json\/wp\/v2\/comments?post=2127"}],"version-history":[{"count":1,"href":"https:\/\/www.st-paul.com\/it\/wp-json\/wp\/v2\/posts\/2127\/revisions"}],"predecessor-version":[{"id":2132,"href":"https:\/\/www.st-paul.com\/it\/wp-json\/wp\/v2\/posts\/2127\/revisions\/2132"}],"wp:featuredmedia":[{"embeddable":true,"href":"https:\/\/www.st-paul.com\/it\/wp-json\/wp\/v2\/media\/1442"}],"wp:attachment":[{"href":"https:\/\/www.st-paul.com\/it\/wp-json\/wp\/v2\/media?parent=2127"}],"wp:term":[{"taxonomy":"category","embeddable":true,"href":"https:\/\/www.st-paul.com\/it\/wp-json\/wp\/v2\/categories?post=2127"},{"taxonomy":"post_tag","embeddable":true,"href":"https:\/\/www.st-paul.com\/it\/wp-json\/wp\/v2\/tags?post=2127"}],"curies":[{"name":"wp","href":"https:\/\/api.w.org\/{rel}","templated":true}]}}